{"id":797,"date":"2006-05-31T17:40:28","date_gmt":"2006-05-31T23:40:28","guid":{"rendered":"http:\/\/oscararias.cr\/sitioweb\/?p=797"},"modified":"2017-08-06T17:43:53","modified_gmt":"2017-08-06T23:43:53","slug":"don-pepe-un-caminante-de-la-historia","status":"publish","type":"post","link":"https:\/\/oscararias.cr\/sitioweb\/don-pepe-un-caminante-de-la-historia\/","title":{"rendered":"Don Pepe, un caminante de la historia"},"content":{"rendered":"<p><img loading=\"lazy\" decoding=\"async\" src=\"http:\/\/oscararias.cr\/sitioweb\/wp-content\/uploads\/2017\/08\/DonPepe.jpg\" alt=\"Don Pepe\" width=\"580\" height=\"347\" class=\"aligncenter size-full wp-image-798\" srcset=\"https:\/\/oscararias.cr\/sitioweb\/wp-content\/uploads\/2017\/08\/DonPepe.jpg 580w, https:\/\/oscararias.cr\/sitioweb\/wp-content\/uploads\/2017\/08\/DonPepe-300x179.jpg 300w, https:\/\/oscararias.cr\/sitioweb\/wp-content\/uploads\/2017\/08\/DonPepe-60x36.jpg 60w\" sizes=\"auto, (max-width: 580px) 100vw, 580px\" \/><\/p>\n<p><em>100 a\u00f1os del nacimiento de don Jos\u00e9 Figueres Ferrer<\/em><\/p>\n<p><strong>\u00d3scar Arias S\u00e1nchez<\/p>\n<p>Presidente de la Rep\u00fablica<\/strong><\/p>\n<span class=\"wpsdc-drop-cap\">S<\/span>i se tratara de escribir una historia que cuente la vida de un joven costarricense, no deber\u00edamos comenzarla diciendo trivialmente que un buen d\u00eda naci\u00f3 un ni\u00f1o sano y robusto, que pesaba tantos kilos y med\u00eda tantos cent\u00edmetros, como hacen las abuelas cuando salen a presumir porque tienen un nuevo nieto.<\/p>\n<p>En realidad, la historia de todo joven costarricense comienza mucho antes, y aunque tal vez nos resulte dif\u00edcil ponernos de acuerdo en cu\u00e1l deber\u00eda ser el momento m\u00e1s apropiado de su inicio, yo les voy a proponer uno. Les propongo que empecemos de esta manera: \u00abEn un peque\u00f1o pa\u00eds de Centroam\u00e9rica, de cuyo nombre nunca podr\u00e9 olvidarme, hubo una vez un gobernante que, cierto d\u00eda, decidi\u00f3 hacer algo que a todos los dem\u00e1s gobernantes del mundo les pareci\u00f3 una locura.\u00bb<\/p>\n<p>No s\u00e9 si es la mejor manera de comenzar un relato, pero a m\u00ed me gusta porque hay una gran obra literaria que comienza de manera parecida y porque detr\u00e1s de este inicio viene no un cuento, sino una historia verdadera de la que todos los costarricenses debemos sentirnos orgullosos.<\/p>\n<p>Hace casi cincuenta y seis a\u00f1os, un Presidente de Costa Rica decidi\u00f3 que hab\u00eda que abolir el ej\u00e9rcito. Pocos meses despu\u00e9s una Asamblea Constituyente ratific\u00f3 esa decisi\u00f3n y dijo al mundo que aquello no era una locura. Desde entonces, la Constituci\u00f3n Pol\u00edtica de Costa Rica tiene un art\u00edculo que proh\u00edbe las fuerzas armadas.<\/p>\n<p>Fue entonces cuando aquel peque\u00f1o pa\u00eds hizo lo contrario de lo que hab\u00eda sido la costumbre m\u00e1s incivilizada de la historia y, en vez de declararle la guerra a otro pa\u00eds, les declar\u00f3 la paz a todos los pa\u00edses juntos. Aquel momento, uno de los grandes momentos de nuestra historia, puso una marca definitiva de paz al futuro de todos los costarricenses.<\/p>\n<p>No hay un solo ni\u00f1o en Costa Rica al que no le hayan contado sus padres una historia de don Jos\u00e9 Figueres, nuestro querido Don Pepe. Tampoco existir\u00e1 en el futuro un ni\u00f1o al que no se la contemos. A algunos les habr\u00e1n dicho que don Pepe cre\u00f3 muchas instituciones y obras, pero a todos nos dijeron que am\u00f3 la democracia y luch\u00f3 por el voto limpio de cada ciudadano. A otros ni\u00f1os, quiz\u00e1s, les contaron que fue Presidente tres veces, que escribi\u00f3 libros y que sembr\u00f3 \u00e1rboles y cultiv\u00f3 cabuya, pero a todos nos dijeron que aboli\u00f3 el ej\u00e9rcito e hizo de Costa Rica el primer pa\u00eds que renunci\u00f3 a las armas para defenderse. Las historias de don Pepe, amigas y amigos muy queridos, est\u00e1n en cada pueblo y hogar de Costa Rica y han terminado por confundirse con el alma misma de nuestra naci\u00f3n.<\/p>\n<p>Don Pepe fue pensamiento y fue acci\u00f3n. Para don Pepe cada d\u00eda fue una oportunidad para crecer espiritual e intelectualmente, para reflexionar sobre la vida y sobre el destino del ser humano, para elaborar grandes concepciones, llenas de optimismo, para construir caminos de emancipaci\u00f3n para nuestro pueblo. Para \u00e9l, vivir fue so\u00f1ar los sue\u00f1os de los poetas y de los idealistas.<\/p>\n<p>Pero tambi\u00e9n, con audacia y con m\u00fasculo, supo afirmar la libertad de nuestra patria, consolidar la justicia social y marcarle a nuestra naci\u00f3n los rumbos de un desarrollo m\u00e1s justo y m\u00e1s humano. Su amor por Costa Rica fue tan grande y tan hermoso, que engrandeci\u00f3 todo aquello a lo que se entreg\u00f3. Nunca sabremos qu\u00e9 hubiese sido de Costa Rica, qu\u00e9 destino de peque\u00f1ez y de dolor podr\u00eda habernos aguardado sin este hombre, uno de los poqu\u00edsimos de los que puede decirse que, simplemente, cambi\u00f3 nuestra historia.<\/p>\n<p>Cada vez que se quieran justificar gobiernos de excepci\u00f3n que se aparten de la democracia, se levantar\u00e1 don Pepe para decir que todo es mentira, que la vida en libertad no se negocia ni se somete a condiciones. Cada vez que se gasten millones y millones en armamentos y se digan largos discursos justificando ese gasto en la guerra, se levantar\u00e1 don Pepe para decir que aquello es falso, que miren a su peque\u00f1a Costa Rica, que se adelant\u00f3 un siglo para se\u00f1alar un camino que los j\u00f3venes del mundo har\u00e1n suyo un d\u00eda.<\/p>\n<p>Nuestro pueblo hablar\u00e1 de don Pepe por siempre, de igual modo que otras naciones hablan de Bol\u00edvar, de Mart\u00ed, de Washington o San Mart\u00edn. El pertenece a este pante\u00f3n. Lo que \u00e9l hizo traspas\u00f3 nuestras fronteras y ser\u00e1 s\u00edmbolo eterno de la lucha de la humanidad por buscar la paz y la libertad.<\/p>\n<p>Cincuenta y seis a\u00f1os despu\u00e9s nos corresponde a nosotros seguir los pasos de este caminante de la historia. Inspirados por su ejemplo, nos toca hoy devolverle a Costa Rica su papel protag\u00f3nico en el concierto internacional, su lugar como potencia moral en un mundo convulso. Por ello, he dicho que nuestra pol\u00edtica exterior se basar\u00e1 en principios y valores profundamente arraigados en la historia costarricense, a saber: la defensa de la democracia; la plena vigencia y promoci\u00f3n de los Derechos Humanos; la lucha por la paz y el desarme mundiales; y la b\u00fasqueda del desarrollo humano. Volveremos a alinear nuestra pol\u00edtica exterior con la vocaci\u00f3n pac\u00edfica del pueblo costarricense, con la defensa del multilateralismo, con la estricta adhesi\u00f3n al Derecho Internacional y a los principios en que se fundamenta la Carta de las Naciones Unidas, la m\u00e1s elemental salvaguarda contra la anarqu\u00eda en el mundo. Tendremos una pol\u00edtica exterior ajustada a las convicciones que siempre profes\u00f3 y defendi\u00f3 don Pepe, que son las convicciones del pueblo costarricense.<\/p>\n<p>No es f\u00e1cil, sin embargo, el camino de la paz. Son grandes los obst\u00e1culos, los intereses, la hipocres\u00eda y la doble moral. Sabemos de sobra, por ejemplo, que de la carrera armamentista en el mundo son tan responsables los consumidores de armas, generalmente ubicados en los extremos pol\u00edticos y en los m\u00e1rgenes de la democracia, como quienes producen y financian las armas. Estos \u00faltimos incluyen a algunos de los miembros m\u00e1s prominentes del Consejo de Seguridad de las Naciones Unidas. \u00bfQuien ignora que es m\u00e1s f\u00e1cil obtener cr\u00e9dito para armas que para el desarrollo? \u00bfQuien no sabe, en el Tercer Mundo, que cuando se cierran los cr\u00e9ditos para producir o comprar alimentos, aquellos para armas permanecen abiertos? \u00bfPuede alguien recordar una sola recomendaci\u00f3n por parte de los organismos internacionales que intentan equilibrar los presupuestos y las balanzas de pago de nuestros pa\u00edses, tendiente a reducir la importaci\u00f3n de armamentos o a disminuir los gastos militares? Cada soldado que marcha gallardo, buscando ser aplaudido, le cuesta al mundo veinte est\u00f3magos vac\u00edos. Cada tanque, cada barco de guerra y avi\u00f3n de combate lleva en s\u00ed el pan y el techo que se les niega a millones de pobres en los pa\u00edses en desarrollo.<\/p>\n<p>Por eso, hoy les propongo que los costarricenses hagamos nuestro el arrojo y la visi\u00f3n de don Pepe. Les propongo que, como pa\u00eds sin ej\u00e9rcito, convoquemos al mundo y, en especial, a los pa\u00edses industrializados, para que entre todos demos vida al Consenso de Costa Rica. Con esta iniciativa aspiramos a que se establezcan mecanismos para perdonar deudas y apoyar con recursos financieros a los pa\u00edses en v\u00edas de desarrollo que inviertan cada vez m\u00e1s en salud, educaci\u00f3n y vivienda para sus pueblos, y cada vez menos en armas y soldados. Es hora de que la comunidad financiera internacional premie no s\u00f3lo a quien gasta con orden, como hasta ahora, sino a quien gasta con \u00e9tica.<\/p>\n<p>Ese es el mejor homenaje que podemos dar al comandante sabio que silenci\u00f3 las armas y empu\u00f1\u00f3 el derecho. Ese es el honor que debemos al hombre que un d\u00eda, hace 56 a\u00f1os, le dio a todas las generaciones posteriores de costarricenses su primer d\u00eda como hombres y mujeres de paz.<\/p>\n<p>Hoy venimos a decirles a los caminantes de todas las generaciones y de todas las ideolog\u00edas, que hace 100 a\u00f1os aqu\u00ed naci\u00f3 un caminante de la historia, un hombre excepcional que, con su pensamiento y con su acci\u00f3n, alent\u00f3 las esperanzas de su gente y dio ejemplo fecundo a los l\u00edderes de otras naciones. Hoy venimos a decirles que hace 100 a\u00f1os naci\u00f3 Jos\u00e9 Figueres Ferrer, ex Presidente de Costa Rica y l\u00edder de su pueblo.<\/p>\n<p>Muchas gracias.<\/p>\n<p><em>San Jos\u00e9, Costa Rica<\/p>\n<p>31 de de mayo de 2006.<\/em><\/p>\n","protected":false},"excerpt":{"rendered":"<p>100 a\u00f1os del nacimiento de don Jos\u00e9 Figueres Ferrer \u00d3scar Arias S\u00e1nchez Presidente de la Rep\u00fablica Si se tratara de escribir una historia que cuente la vida de un joven costarricense, no deber\u00edamos comenzarla diciendo trivialmente que un buen d\u00eda&hellip; <\/p>\n","protected":false},"author":1,"featured_media":798,"comment_status":"closed","ping_status":"closed","sticky":false,"template":"","format":"standard","meta":{"ngg_post_thumbnail":0,"footnotes":""},"categories":[9],"tags":[],"class_list":["post-797","post","type-post","status-publish","format-standard","has-post-thumbnail","hentry","category-articulos"],"_links":{"self":[{"href":"https:\/\/oscararias.cr\/sitioweb\/wp-json\/wp\/v2\/posts\/797","targetHints":{"allow":["GET"]}}],"collection":[{"href":"https:\/\/oscararias.cr\/sitioweb\/wp-json\/wp\/v2\/posts"}],"about":[{"href":"https:\/\/oscararias.cr\/sitioweb\/wp-json\/wp\/v2\/types\/post"}],"author":[{"embeddable":true,"href":"https:\/\/oscararias.cr\/sitioweb\/wp-json\/wp\/v2\/users\/1"}],"replies":[{"embeddable":true,"href":"https:\/\/oscararias.cr\/sitioweb\/wp-json\/wp\/v2\/comments?post=797"}],"version-history":[{"count":0,"href":"https:\/\/oscararias.cr\/sitioweb\/wp-json\/wp\/v2\/posts\/797\/revisions"}],"wp:featuredmedia":[{"embeddable":true,"href":"https:\/\/oscararias.cr\/sitioweb\/wp-json\/wp\/v2\/media\/798"}],"wp:attachment":[{"href":"https:\/\/oscararias.cr\/sitioweb\/wp-json\/wp\/v2\/media?parent=797"}],"wp:term":[{"taxonomy":"category","embeddable":true,"href":"https:\/\/oscararias.cr\/sitioweb\/wp-json\/wp\/v2\/categories?post=797"},{"taxonomy":"post_tag","embeddable":true,"href":"https:\/\/oscararias.cr\/sitioweb\/wp-json\/wp\/v2\/tags?post=797"}],"curies":[{"name":"wp","href":"https:\/\/api.w.org\/{rel}","templated":true}]}}